{"id":2431,"date":"2025-02-21T09:50:06","date_gmt":"2025-02-21T09:50:06","guid":{"rendered":"https:\/\/emsolar.es\/?p=2431"},"modified":"2025-02-21T09:52:12","modified_gmt":"2025-02-21T09:52:12","slug":"avances-en-energias-renovables-la-energia-solar","status":"publish","type":"post","link":"https:\/\/emsolar.es\/en\/avances-en-energias-renovables-la-energia-solar\/","title":{"rendered":"Avances en energ\u00edas renovables: la energ\u00eda solar."},"content":{"rendered":"<p>2025 ha llegado con avances en el mundo de las energ\u00edas renovables, y energ\u00eda solar no iba a quedarse atr\u00e1s. Si est\u00e1s interesado en la energ\u00eda limpia y quieres saber cuales son las novedades que pueden actualizarse los pr\u00f3ximos meses, este post te interesa.<\/p>\n\n\n\n<p>Sobre las \u00faltimas innovaciones que se est\u00e1n haciendo en energ\u00eda solar, te contamos que va mucho m\u00e1s all\u00e1 de los paneles:<\/p>\n\n\n\n<p>&#8211;<strong>Inteligencia artificial en la optimizaci\u00f3n:<\/strong> la IA est\u00e1 revolucionando la gesti\u00f3n de sistemas solares. Algoritmos inteligentes optimizan la producci\u00f3n de energ\u00eda en tiempo real, adapt\u00e1ndose a las condiciones meteorol\u00f3gicas y al consumo energ\u00e9tico del hogar o negocio. Esto se traduce en un mayor rendimiento y ahorro.<\/p>\n\n\n\n<p>&#8211;<strong>Bater\u00edas de \u00faltima generaci\u00f3n:<\/strong> la capacidad de almacenamiento de energ\u00eda es crucial para aprovechar al m\u00e1ximo la energ\u00eda solar, especialmente en horas nocturnas o con poca radiaci\u00f3n solar. Las nuevas bater\u00edas de iones de litio ofrecen mayor densidad energ\u00e9tica, mayor duraci\u00f3n y son m\u00e1s seguras. Adem\u00e1s, se est\u00e1n explorando alternativas como las bater\u00edas de flujo, ideales para sistemas de gran escala.<\/p>\n\n\n\n<p>&#8211;<strong>Energ\u00eda <\/strong><strong>solar h\u00edbrida<\/strong>: la combinaci\u00f3n de energ\u00eda solar con otras fuentes renovables, como la e\u00f3lica o la geotermal, est\u00e1n ganando terreno. Los sistemas h\u00edbridos ofrecen una mayor fiabilidad y diversificaci\u00f3n de la fuente de energ\u00eda, minimizando la dependencia de una sola tecnolog\u00eda.<\/p>\n\n\n\n<p>&#8211;<strong>Energ\u00eda solar h\u00edbrida<\/strong>: la combinaci\u00f3n de energ\u00eda solar con otras fuentes renovables, como la e\u00f3lica o la geotermal, est\u00e1n ganando terreno. Los sistemas h\u00edbridos ofrecen una mayor fiabilidad y diversificaci\u00f3n de la fuente de energ\u00eda, minimizando la dependencia de una sola tecnolog\u00eda.<\/p>\n\n\n\n<p>&#8211;<strong>Reducci\u00f3n de costes<\/strong>: el objetivo de hacer la energ\u00eda solar accesible a todo el mundo sigue abri\u00e9ndose camino. Las mejoras en la eficiencia de la producci\u00f3n est\u00e1n consiguiendo avances en la disminuci\u00f3n constante de los costes de producci\u00f3n, instalaci\u00f3n y mantenimiento de los paneles solares.<\/p>\n\n\n\n<p>A pesar de los avances tecnol\u00f3gicos, el objetivo de hacer la energ\u00eda solar accesible para todos sigue siendo prioritario. La competencia en el mercado y las mejoras en la eficiencia de producci\u00f3n est\u00e1n llevando a una disminuci\u00f3n constante de los costos de instalaci\u00f3n y mantenimiento de los sistemas solares.<\/p>\n\n\n\n<p>La energ\u00eda solar ya no es una alternativa, sino una opci\u00f3n viable y atractiva para cualquier sector y hogar. Las innovaciones que hemos nombrado arriba no solo mejoran la eficiencia y rentabilidad, sino que tambi\u00e9n expanden las posibilidades de implementaci\u00f3n, integr\u00e1ndose de forma m\u00e1s natural en nuestro entorno.<\/p>\n\n\n\n<p><\/p>","protected":false},"excerpt":{"rendered":"<p>2025 ha llegado con avances en el mundo de las energ\u00edas renovables, y energ\u00eda solar no iba a quedarse atr\u00e1s. Si est\u00e1s interesado en la energ\u00eda limpia y quieres saber cuales son las novedades que pueden actualizarse los pr\u00f3ximos meses, este post te interesa. Sobre las \u00faltimas innovaciones que se est\u00e1n haciendo en energ\u00eda solar, [&hellip;]<\/p>","protected":false},"author":2,"featured_media":2434,"comment_status":"open","ping_status":"open","sticky":false,"template":"","format":"standard","meta":{"footnotes":""},"categories":[1],"tags":[],"class_list":["post-2431","post","type-post","status-publish","format-standard","has-post-thumbnail","hentry","category-uncategorized"],"yoast_head":"<!-- This site is optimized with the Yoast SEO Premium plugin v18.3 (Yoast SEO v25.5) - https:\/\/yoast.com\/wordpress\/plugins\/seo\/ -->\n<title>Avances en energ\u00edas renovables: la energ\u00eda solar. - EM Solar<\/title>\n<meta name=\"description\" content=\"El avance en el mundo de las energ\u00edas renovables no deja atr\u00e1s a la energ\u00eda solar. Te dejamos las \u00faltimas innovaciones en energ\u00eda solar.\" \/>\n<meta name=\"robots\" content=\"index, follow, max-snippet:-1, max-image-preview:large, max-video-preview:-1\" \/>\n<link rel=\"canonical\" href=\"https:\/\/emsolar.es\/en\/avances-en-energias-renovables-la-energia-solar\/\" \/>\n<meta property=\"og:locale\" content=\"en_GB\" \/>\n<meta property=\"og:type\" content=\"article\" \/>\n<meta property=\"og:title\" content=\"Avances en energ\u00edas renovables: la energ\u00eda solar.\" \/>\n<meta property=\"og:description\" content=\"El avance en el mundo de las energ\u00edas renovables no deja atr\u00e1s a la energ\u00eda solar. Te dejamos las \u00faltimas innovaciones en energ\u00eda solar.\" \/>\n<meta property=\"og:url\" content=\"https:\/\/emsolar.es\/en\/avances-en-energias-renovables-la-energia-solar\/\" \/>\n<meta property=\"og:site_name\" content=\"EM Solar\" \/>\n<meta property=\"article:published_time\" content=\"2025-02-21T09:50:06+00:00\" \/>\n<meta property=\"article:modified_time\" content=\"2025-02-21T09:52:12+00:00\" \/>\n<meta property=\"og:image\" content=\"https:\/\/emsolar.es\/wp-content\/uploads\/2025\/02\/1_2025-LLEGA-AVANCES-EN-RENOVABLES.jpg\" \/>\n\t<meta property=\"og:image:width\" content=\"1024\" \/>\n\t<meta property=\"og:image:height\" content=\"576\" \/>\n\t<meta property=\"og:image:type\" content=\"image\/jpeg\" \/>\n<meta name=\"author\" content=\"Admin Emsolar Caliche\" \/>\n<meta name=\"twitter:card\" content=\"summary_large_image\" \/>\n<meta name=\"twitter:label1\" content=\"Written by\" \/>\n\t<meta name=\"twitter:data1\" content=\"Admin Emsolar Caliche\" \/>\n\t<meta name=\"twitter:label2\" content=\"Estimated reading time\" \/>\n\t<meta name=\"twitter:data2\" content=\"3 minutes\" \/>\n<script type=\"application\/ld+json\" class=\"yoast-schema-graph\">{\"@context\":\"https:\/\/schema.org\",\"@graph\":[{\"@type\":\"Article\",\"@id\":\"https:\/\/emsolar.es\/avances-en-energias-renovables-la-energia-solar\/#article\",\"isPartOf\":{\"@id\":\"https:\/\/emsolar.es\/avances-en-energias-renovables-la-energia-solar\/\"},\"author\":{\"name\":\"Admin Emsolar Caliche\",\"@id\":\"https:\/\/emsolar.es\/#\/schema\/person\/a043af2acaf750a5323e0092303b5811\"},\"headline\":\"Avances en energ\u00edas renovables: la energ\u00eda solar.\",\"datePublished\":\"2025-02-21T09:50:06+00:00\",\"dateModified\":\"2025-02-21T09:52:12+00:00\",\"mainEntityOfPage\":{\"@id\":\"https:\/\/emsolar.es\/avances-en-energias-renovables-la-energia-solar\/\"},\"wordCount\":475,\"commentCount\":0,\"publisher\":{\"@id\":\"https:\/\/emsolar.es\/#organization\"},\"image\":{\"@id\":\"https:\/\/emsolar.es\/avances-en-energias-renovables-la-energia-solar\/#primaryimage\"},\"thumbnailUrl\":\"https:\/\/emsolar.es\/wp-content\/uploads\/2025\/02\/1_2025-LLEGA-AVANCES-EN-RENOVABLES.jpg\",\"articleSection\":[\"Uncategorized\"],\"inLanguage\":\"en-GB\",\"potentialAction\":[{\"@type\":\"CommentAction\",\"name\":\"Comment\",\"target\":[\"https:\/\/emsolar.es\/avances-en-energias-renovables-la-energia-solar\/#respond\"]}]},{\"@type\":\"WebPage\",\"@id\":\"https:\/\/emsolar.es\/avances-en-energias-renovables-la-energia-solar\/\",\"url\":\"https:\/\/emsolar.es\/avances-en-energias-renovables-la-energia-solar\/\",\"name\":\"Avances en energ\u00edas renovables: la energ\u00eda solar. - EM Solar\",\"isPartOf\":{\"@id\":\"https:\/\/emsolar.es\/#website\"},\"primaryImageOfPage\":{\"@id\":\"https:\/\/emsolar.es\/avances-en-energias-renovables-la-energia-solar\/#primaryimage\"},\"image\":{\"@id\":\"https:\/\/emsolar.es\/avances-en-energias-renovables-la-energia-solar\/#primaryimage\"},\"thumbnailUrl\":\"https:\/\/emsolar.es\/wp-content\/uploads\/2025\/02\/1_2025-LLEGA-AVANCES-EN-RENOVABLES.jpg\",\"datePublished\":\"2025-02-21T09:50:06+00:00\",\"dateModified\":\"2025-02-21T09:52:12+00:00\",\"description\":\"El avance en el mundo de las energ\u00edas renovables no deja atr\u00e1s a la energ\u00eda solar. Te dejamos las \u00faltimas innovaciones en energ\u00eda solar.\",\"breadcrumb\":{\"@id\":\"https:\/\/emsolar.es\/avances-en-energias-renovables-la-energia-solar\/#breadcrumb\"},\"inLanguage\":\"en-GB\",\"potentialAction\":[{\"@type\":\"ReadAction\",\"target\":[\"https:\/\/emsolar.es\/avances-en-energias-renovables-la-energia-solar\/\"]}]},{\"@type\":\"ImageObject\",\"inLanguage\":\"en-GB\",\"@id\":\"https:\/\/emsolar.es\/avances-en-energias-renovables-la-energia-solar\/#primaryimage\",\"url\":\"https:\/\/emsolar.es\/wp-content\/uploads\/2025\/02\/1_2025-LLEGA-AVANCES-EN-RENOVABLES.jpg\",\"contentUrl\":\"https:\/\/emsolar.es\/wp-content\/uploads\/2025\/02\/1_2025-LLEGA-AVANCES-EN-RENOVABLES.jpg\",\"width\":1024,\"height\":576},{\"@type\":\"BreadcrumbList\",\"@id\":\"https:\/\/emsolar.es\/avances-en-energias-renovables-la-energia-solar\/#breadcrumb\",\"itemListElement\":[{\"@type\":\"ListItem\",\"position\":1,\"name\":\"Portada\",\"item\":\"https:\/\/emsolar.es\/\"},{\"@type\":\"ListItem\",\"position\":2,\"name\":\"Avances en energ\u00edas renovables: la energ\u00eda solar.\"}]},{\"@type\":\"WebSite\",\"@id\":\"https:\/\/emsolar.es\/#website\",\"url\":\"https:\/\/emsolar.es\/\",\"name\":\"EM Solar\",\"description\":\"Instalaciones fotovoltaicas - Eficiencia y sostenibilidad\",\"publisher\":{\"@id\":\"https:\/\/emsolar.es\/#organization\"},\"potentialAction\":[{\"@type\":\"SearchAction\",\"target\":{\"@type\":\"EntryPoint\",\"urlTemplate\":\"https:\/\/emsolar.es\/?s={search_term_string}\"},\"query-input\":{\"@type\":\"PropertyValueSpecification\",\"valueRequired\":true,\"valueName\":\"search_term_string\"}}],\"inLanguage\":\"en-GB\"},{\"@type\":\"Organization\",\"@id\":\"https:\/\/emsolar.es\/#organization\",\"name\":\"EmSolar\",\"url\":\"https:\/\/emsolar.es\/\",\"logo\":{\"@type\":\"ImageObject\",\"inLanguage\":\"en-GB\",\"@id\":\"https:\/\/emsolar.es\/#\/schema\/logo\/image\/\",\"url\":\"https:\/\/emsolar.es\/wp-content\/uploads\/2022\/03\/emsolar-gris-horizontal.png\",\"contentUrl\":\"https:\/\/emsolar.es\/wp-content\/uploads\/2022\/03\/emsolar-gris-horizontal.png\",\"width\":2481,\"height\":828,\"caption\":\"EmSolar\"},\"image\":{\"@id\":\"https:\/\/emsolar.es\/#\/schema\/logo\/image\/\"}},{\"@type\":\"Person\",\"@id\":\"https:\/\/emsolar.es\/#\/schema\/person\/a043af2acaf750a5323e0092303b5811\",\"name\":\"Admin Emsolar Caliche\",\"image\":{\"@type\":\"ImageObject\",\"inLanguage\":\"en-GB\",\"@id\":\"https:\/\/emsolar.es\/#\/schema\/person\/image\/\",\"url\":\"https:\/\/secure.gravatar.com\/avatar\/bb0e77856a233cf4f9b80f394741465438f0a367a5e4018bec76b4c3284c5b88?s=96&d=mm&r=g\",\"contentUrl\":\"https:\/\/secure.gravatar.com\/avatar\/bb0e77856a233cf4f9b80f394741465438f0a367a5e4018bec76b4c3284c5b88?s=96&d=mm&r=g\",\"caption\":\"Admin Emsolar Caliche\"}}]}<\/script>\n<!-- \/ Yoast SEO Premium plugin. -->","yoast_head_json":{"title":"Avances en energ\u00edas renovables: la energ\u00eda solar. - EM Solar","description":"El avance en el mundo de las energ\u00edas renovables no deja atr\u00e1s a la energ\u00eda solar. Te dejamos las \u00faltimas innovaciones en energ\u00eda solar.","robots":{"index":"index","follow":"follow","max-snippet":"max-snippet:-1","max-image-preview":"max-image-preview:large","max-video-preview":"max-video-preview:-1"},"canonical":"https:\/\/emsolar.es\/en\/avances-en-energias-renovables-la-energia-solar\/","og_locale":"en_GB","og_type":"article","og_title":"Avances en energ\u00edas renovables: la energ\u00eda solar.","og_description":"El avance en el mundo de las energ\u00edas renovables no deja atr\u00e1s a la energ\u00eda solar. Te dejamos las \u00faltimas innovaciones en energ\u00eda solar.","og_url":"https:\/\/emsolar.es\/en\/avances-en-energias-renovables-la-energia-solar\/","og_site_name":"EM Solar","article_published_time":"2025-02-21T09:50:06+00:00","article_modified_time":"2025-02-21T09:52:12+00:00","og_image":[{"width":1024,"height":576,"url":"https:\/\/emsolar.es\/wp-content\/uploads\/2025\/02\/1_2025-LLEGA-AVANCES-EN-RENOVABLES.jpg","type":"image\/jpeg"}],"author":"Admin Emsolar Caliche","twitter_card":"summary_large_image","twitter_misc":{"Written by":"Admin Emsolar Caliche","Estimated reading time":"3 minutes"},"schema":{"@context":"https:\/\/schema.org","@graph":[{"@type":"Article","@id":"https:\/\/emsolar.es\/avances-en-energias-renovables-la-energia-solar\/#article","isPartOf":{"@id":"https:\/\/emsolar.es\/avances-en-energias-renovables-la-energia-solar\/"},"author":{"name":"Admin Emsolar Caliche","@id":"https:\/\/emsolar.es\/#\/schema\/person\/a043af2acaf750a5323e0092303b5811"},"headline":"Avances en energ\u00edas renovables: la energ\u00eda solar.","datePublished":"2025-02-21T09:50:06+00:00","dateModified":"2025-02-21T09:52:12+00:00","mainEntityOfPage":{"@id":"https:\/\/emsolar.es\/avances-en-energias-renovables-la-energia-solar\/"},"wordCount":475,"commentCount":0,"publisher":{"@id":"https:\/\/emsolar.es\/#organization"},"image":{"@id":"https:\/\/emsolar.es\/avances-en-energias-renovables-la-energia-solar\/#primaryimage"},"thumbnailUrl":"https:\/\/emsolar.es\/wp-content\/uploads\/2025\/02\/1_2025-LLEGA-AVANCES-EN-RENOVABLES.jpg","articleSection":["Uncategorized"],"inLanguage":"en-GB","potentialAction":[{"@type":"CommentAction","name":"Comment","target":["https:\/\/emsolar.es\/avances-en-energias-renovables-la-energia-solar\/#respond"]}]},{"@type":"WebPage","@id":"https:\/\/emsolar.es\/avances-en-energias-renovables-la-energia-solar\/","url":"https:\/\/emsolar.es\/avances-en-energias-renovables-la-energia-solar\/","name":"Avances en energ\u00edas renovables: la energ\u00eda solar. - EM Solar","isPartOf":{"@id":"https:\/\/emsolar.es\/#website"},"primaryImageOfPage":{"@id":"https:\/\/emsolar.es\/avances-en-energias-renovables-la-energia-solar\/#primaryimage"},"image":{"@id":"https:\/\/emsolar.es\/avances-en-energias-renovables-la-energia-solar\/#primaryimage"},"thumbnailUrl":"https:\/\/emsolar.es\/wp-content\/uploads\/2025\/02\/1_2025-LLEGA-AVANCES-EN-RENOVABLES.jpg","datePublished":"2025-02-21T09:50:06+00:00","dateModified":"2025-02-21T09:52:12+00:00","description":"El avance en el mundo de las energ\u00edas renovables no deja atr\u00e1s a la energ\u00eda solar. Te dejamos las \u00faltimas innovaciones en energ\u00eda solar.","breadcrumb":{"@id":"https:\/\/emsolar.es\/avances-en-energias-renovables-la-energia-solar\/#breadcrumb"},"inLanguage":"en-GB","potentialAction":[{"@type":"ReadAction","target":["https:\/\/emsolar.es\/avances-en-energias-renovables-la-energia-solar\/"]}]},{"@type":"ImageObject","inLanguage":"en-GB","@id":"https:\/\/emsolar.es\/avances-en-energias-renovables-la-energia-solar\/#primaryimage","url":"https:\/\/emsolar.es\/wp-content\/uploads\/2025\/02\/1_2025-LLEGA-AVANCES-EN-RENOVABLES.jpg","contentUrl":"https:\/\/emsolar.es\/wp-content\/uploads\/2025\/02\/1_2025-LLEGA-AVANCES-EN-RENOVABLES.jpg","width":1024,"height":576},{"@type":"BreadcrumbList","@id":"https:\/\/emsolar.es\/avances-en-energias-renovables-la-energia-solar\/#breadcrumb","itemListElement":[{"@type":"ListItem","position":1,"name":"Portada","item":"https:\/\/emsolar.es\/"},{"@type":"ListItem","position":2,"name":"Avances en energ\u00edas renovables: la energ\u00eda solar."}]},{"@type":"WebSite","@id":"https:\/\/emsolar.es\/#website","url":"https:\/\/emsolar.es\/","name":"EM Solar","description":"Instalaciones fotovoltaicas - Eficiencia y sostenibilidad","publisher":{"@id":"https:\/\/emsolar.es\/#organization"},"potentialAction":[{"@type":"SearchAction","target":{"@type":"EntryPoint","urlTemplate":"https:\/\/emsolar.es\/?s={search_term_string}"},"query-input":{"@type":"PropertyValueSpecification","valueRequired":true,"valueName":"search_term_string"}}],"inLanguage":"en-GB"},{"@type":"Organization","@id":"https:\/\/emsolar.es\/#organization","name":"EmSolar","url":"https:\/\/emsolar.es\/","logo":{"@type":"ImageObject","inLanguage":"en-GB","@id":"https:\/\/emsolar.es\/#\/schema\/logo\/image\/","url":"https:\/\/emsolar.es\/wp-content\/uploads\/2022\/03\/emsolar-gris-horizontal.png","contentUrl":"https:\/\/emsolar.es\/wp-content\/uploads\/2022\/03\/emsolar-gris-horizontal.png","width":2481,"height":828,"caption":"EmSolar"},"image":{"@id":"https:\/\/emsolar.es\/#\/schema\/logo\/image\/"}},{"@type":"Person","@id":"https:\/\/emsolar.es\/#\/schema\/person\/a043af2acaf750a5323e0092303b5811","name":"Admin Emsolar Caliche","image":{"@type":"ImageObject","inLanguage":"en-GB","@id":"https:\/\/emsolar.es\/#\/schema\/person\/image\/","url":"https:\/\/secure.gravatar.com\/avatar\/bb0e77856a233cf4f9b80f394741465438f0a367a5e4018bec76b4c3284c5b88?s=96&d=mm&r=g","contentUrl":"https:\/\/secure.gravatar.com\/avatar\/bb0e77856a233cf4f9b80f394741465438f0a367a5e4018bec76b4c3284c5b88?s=96&d=mm&r=g","caption":"Admin Emsolar Caliche"}}]}},"_links":{"self":[{"href":"https:\/\/emsolar.es\/en\/wp-json\/wp\/v2\/posts\/2431","targetHints":{"allow":["GET"]}}],"collection":[{"href":"https:\/\/emsolar.es\/en\/wp-json\/wp\/v2\/posts"}],"about":[{"href":"https:\/\/emsolar.es\/en\/wp-json\/wp\/v2\/types\/post"}],"author":[{"embeddable":true,"href":"https:\/\/emsolar.es\/en\/wp-json\/wp\/v2\/users\/2"}],"replies":[{"embeddable":true,"href":"https:\/\/emsolar.es\/en\/wp-json\/wp\/v2\/comments?post=2431"}],"version-history":[{"count":0,"href":"https:\/\/emsolar.es\/en\/wp-json\/wp\/v2\/posts\/2431\/revisions"}],"wp:featuredmedia":[{"embeddable":true,"href":"https:\/\/emsolar.es\/en\/wp-json\/wp\/v2\/media\/2434"}],"wp:attachment":[{"href":"https:\/\/emsolar.es\/en\/wp-json\/wp\/v2\/media?parent=2431"}],"wp:term":[{"taxonomy":"category","embeddable":true,"href":"https:\/\/emsolar.es\/en\/wp-json\/wp\/v2\/categories?post=2431"},{"taxonomy":"post_tag","embeddable":true,"href":"https:\/\/emsolar.es\/en\/wp-json\/wp\/v2\/tags?post=2431"}],"curies":[{"name":"wp","href":"https:\/\/api.w.org\/{rel}","templated":true}]}}